{"id":113284,"date":"2025-09-03T11:40:20","date_gmt":"2025-09-03T11:40:20","guid":{"rendered":"https:\/\/transfereurope.com\/?p=113284"},"modified":"2025-09-05T07:37:11","modified_gmt":"2025-09-05T07:37:11","slug":"ako-sa-dostat-z-viedne-na-pobrezie-amalfi","status":"publish","type":"post","link":"https:\/\/transfereurope.com\/sk\/ako-sa-dostat\/ako-sa-dostat-z-viedne-na-pobrezie-amalfi\/","title":{"rendered":"Ako sa dosta\u0165 z Viedne na pobre\u017eie Amalfi"},"content":{"rendered":"<p>Pri pl\u00e1novan\u00ed cesty z Viedne na \u00fa\u017easn\u00e9 pobre\u017eie Amalfi alebo naopak maj\u00fa cestuj\u00faci k dispoz\u00edcii r\u00f4zne mo\u017enosti dopravy, z ktor\u00fdch ka\u017ed\u00e1 m\u00e1 svoje vlastn\u00e9 v\u00fdhody a aspekty.<\/p>\n<p><\/p>\n<p><\/p>\n<p style=\"text-align: left\">Na v\u00fdber je viacero druhov dopravy, od vlakov cez autobusy a\u017e po lety, ktor\u00e9 vyhovuj\u00fa r\u00f4znym preferenci\u00e1m a \u0161t\u00fdlom cestovania.<\/p>\n<p><\/p>\n<p style=\"text-align: center\"><strong><a class=\"btn btn-primary\" href=\"sk\/rezervovat-transfer\">Rezerv\u00e1cia<\/a><\/strong><\/p>\n<p><\/p>\n<p style=\"text-align: center\"><img decoding=\"async\" src=\"\/images\/blog\/eng\/how-to-get\/Vienna\/How_To_Get_From_To_Vienna_5.jpg\" alt=\"\" \/><\/p>\n<p><\/p>\n<h2 style=\"text-align: center\">Sp\u00f4soby dopravy z Viedne na pobre\u017eie Amalfi<\/h2>\n<p><\/p>\n<h3>Vlak<\/h3>\n<p><\/p>\n<p>Cesta vlakom z Viedne na pobre\u017eie Amalfi zvy\u010dajne zah\u0155\u0148a viacero prestupov a dlh\u0161ie trvanie cesty. Hoci vyhliadkov\u00e9 trasy pon\u00fakaj\u00fa malebn\u00e9 v\u00fdh\u013eady, cesta m\u00f4\u017ee by\u0165 \u010dasovo n\u00e1ro\u010dn\u00e1 a vy\u017eaduje si d\u00f4kladn\u00e9 pl\u00e1novanie.<\/p>\n<p><\/p>\n<h3>Autobus<\/h3>\n<p><\/p>\n<p>Autobusy pon\u00fakaj\u00fa cenovo v\u00fdhodn\u00fa mo\u017enos\u0165 cestovania\u00a0<a href=\"sk\/destinacie\/vieden\">z Viedne<\/a>\u00a0na pobre\u017eie Amalfi s priamymi linkami do ob\u013e\u00faben\u00fdch destin\u00e1ci\u00ed. Cestuj\u00faci by sa v\u0161ak mali pripravi\u0165 na dlh\u0161\u00ed \u010das cestovania a mo\u017en\u00e9 me\u0161kania, najm\u00e4 po\u010das hlavn\u00fdch sez\u00f3n.\u00a0<\/p>\n<p><\/p>\n<h3>Lietadlo<\/h3>\n<p><\/p>\n<p>Let z Viedne na pobre\u017eie Amalfi je najr\u00fdchlej\u0161ou mo\u017enos\u0165ou cestovania v\u010faka priamym letom na bl\u00edzke letisk\u00e1. Hoci je to pohodln\u00e9, cestuj\u00faci by mali pri pl\u00e1novan\u00ed cesty zv\u00e1\u017ei\u0165 faktory, ako je \u010das prestupu a logistika letiska.<\/p>\n<p><\/p>\n<h3>S\u00fakromn\u00fd transfer\u00a0<\/h3>\n<p><\/p>\n<p>Ak si vyberiete s\u00fakromn\u00fd transfer, m\u00f4\u017eete si vychutna\u0165 individu\u00e1lny a bezprobl\u00e9mov\u00fd z\u00e1\u017eitok z cesty z Viedne na pobre\u017eie Amalfi. V\u010faka slu\u017eb\u00e1m od dver\u00ed k dver\u00e1m a profesion\u00e1lnym vodi\u010dom si cestuj\u00faci m\u00f4\u017eu u\u017e\u00edva\u0165 komfort a pohodlie po\u010das celej cesty.<\/p>\n<p><\/p>\n<p style=\"text-align: center\"><strong><a class=\"btn btn-primary\" href=\"sk\/rezervovat-transfer\">Rezerv\u00e1cia<\/a><\/strong><\/p>\n<p><\/p>\n<p><img decoding=\"async\" src=\"\/images\/blog\/eng\/how-to-get\/Vienna\/How_To_Get_From_To_Vienna_3.jpg\" alt=\"\" \/><\/p>\n<p><\/p>\n<h2 style=\"text-align: center\">V\u00fdhody s\u00fakromn\u00e9ho transferu z Viedne na pobre\u017eie Amalfi<\/h2>\n<p><\/p>\n<h3>Pohodlie<\/h3>\n<p><\/p>\n<p>Pri s\u00fakromn\u00fdch presunoch sa nemus\u00edte orientova\u0165 v syst\u00e9moch verejnej dopravy ani sa stara\u0165 o cestovn\u00e9 poriadky. Cestuj\u00faci si m\u00f4\u017eu odd\u00fdchnu\u0165 a u\u017ei\u0165 si pohodln\u00fa cestu, pri\u010dom si m\u00f4\u017eu flexibilne prisp\u00f4sobi\u0165 svoj pl\u00e1n cesty.<\/p>\n<p><\/p>\n<h3>Komfort<\/h3>\n<p><\/p>\n<p>V\u010faka <a href=\"sk\/vozovy-park\">priestrann\u00fdm vozidl\u00e1m<\/a> vybaven\u00fdm modern\u00fdm zariaden\u00edm, ako je klimatiz\u00e1cia a Wi-Fi, si cestuj\u00faci m\u00f4\u017eu vychutna\u0165 pohodln\u00fa jazdu z Viedne na pobre\u017eie Amalfi. Pri s\u00fakromn\u00fdch transferoch sa uprednost\u0148uje pohodlie cestuj\u00facich, \u010d\u00edm sa zabezpe\u010d\u00ed pr\u00edjemn\u00e1 cesta pre v\u0161etk\u00fdch.\u00a0<\/p>\n<p><\/p>\n<h3>Flexibilita<\/h3>\n<p><\/p>\n<p>Na rozdiel od pravideln\u00fdch dopravn\u00fdch slu\u017eieb si cestuj\u00faci m\u00f4\u017eu sami ur\u010di\u0165 \u010das odchodu a zastavi\u0165 sa na ceste. T\u00e1to flexibilita zaru\u010duje z\u00e1\u017eitok z cesty \u0161it\u00fd na mieru a mo\u017enos\u0165 spozna\u0165 skryt\u00e9 skvosty na ceste na pobre\u017eie Amalfi.<\/p>\n<p><\/p>\n<h3>\u010casov\u00e1 efekt\u00edvnos\u0165<\/h3>\n<p><\/p>\n<p>S\u00fakromn\u00e9 transfery pon\u00fakaj\u00fa \u010dasovo \u00fasporn\u00e9 rie\u0161enie cestovania s priamymi trasami a minim\u00e1lnym po\u010dkan\u00edm. V\u010faka tomu, \u017ee cestuj\u00faci nemusia prestupova\u0165 medzi r\u00f4znymi druhmi dopravy, m\u00f4\u017eu sa do cie\u013ea dosta\u0165 efekt\u00edvne a bez zbyto\u010dn\u00fdch me\u0161kan\u00ed.<\/p>\n<p><\/p>\n<p style=\"text-align: center\"><strong><a class=\"btn btn-primary\" href=\"sk\/rezervovat-transfer\">Rezerv\u00e1cia<\/a><\/strong><\/p>\n<p><\/p>\n<p><img decoding=\"async\" src=\"\/images\/blog\/eng\/how-to-get\/Vienna\/How_To_Get_From_To_Vienna_2.jpg\" alt=\"\" \/><\/p>\n<p><\/p>\n<h2 style=\"text-align: center\">Pre\u010do si vybra\u0165 s\u00fakromn\u00fd transfer z Viedne na pobre\u017eie Amalfi?<\/h2>\n<p><\/p>\n<h3>Pre\u010do si vybra\u0165 s\u00fakromn\u00fd transfer z Viedne na pobre\u017eie Amalfi?<\/h3>\n<p><\/p>\n<p>Vydajte sa na cestu\u00a0<a href=\"sk\/osobny-vodic\">z Viedne<\/a>\u00a0na \u00fachvatn\u00e9 pobre\u017eie Amalfi s jedine\u010dn\u00fdm komfortom a pohodl\u00edm s\u00fakromn\u00e9ho transferu. Vyberte si Transfer Europe pre bezprobl\u00e9mov\u00fd a na mieru \u0161it\u00fd cestovn\u00fd z\u00e1\u017eitok, ktor\u00fd vyhovie va\u0161im preferenci\u00e1m. Na\u0161i profesion\u00e1lni vodi\u010di sa postaraj\u00fa o cestu bez stresu, pri\u010dom v\u00e1m poskytn\u00fa slu\u017eby od dver\u00ed k dver\u00e1m a odborn\u00fa navig\u00e1ciu po ceste. Zanechajte zlo\u017eitosti verejnej dopravy a doprajte si luxus individu\u00e1lneho cestovania, v\u010faka ktor\u00e9mu sa va\u0161a cesta z Viedne na pobre\u017eie Amalfi stane nezabudnute\u013en\u00fdm dobrodru\u017estvom.<\/p>\n<p><\/p>\n<h3>Najlep\u0161\u00ed sp\u00f4sob dopravy z pobre\u017eia Amalfi do Viedne<\/h3>\n<p><\/p>\n<p>Ak h\u013ead\u00e1te najefekt\u00edvnej\u0161iu a najpohodlnej\u0161iu cestu z n\u00e1dhern\u00e9ho pobre\u017eia Amalfi sp\u00e4\u0165 do Viedne, vyu\u017eite s\u00fakromn\u00fa dopravu od spolo\u010dnosti Transfer Europe. Vychutnajte si bezprobl\u00e9mov\u00fd a individu\u00e1lny cestovn\u00fd z\u00e1\u017eitok, doplnen\u00fd slu\u017ebami od dver\u00ed k dver\u00e1m a kvalifikovan\u00fdmi vodi\u010dmi, ktor\u00ed v\u00e1m zaru\u010dia cestu bez stresu. Dajte zbohom neistote verejnej dopravy a priv\u00edtajte hladk\u00fa a pr\u00edjemn\u00fa cestu od odchodu a\u017e po pr\u00edchod. \u010ci u\u017e ide o vo\u013en\u00fd \u010das alebo slu\u017eobn\u00fa cestu, vo\u013eba s\u00fakromn\u00e9ho transferu v\u00e1m zaru\u010d\u00ed spokojn\u00fa cestu z pobre\u017eia Amalfi do Viedne.<\/p>\n<p><\/p>\n<p style=\"text-align: center\"><strong><a class=\"btn btn-primary\" href=\"sk\/rezervovat-transfer\">Rezerv\u00e1cia<\/a><\/strong><\/p>\n<p><\/p>\n<p><img decoding=\"async\" src=\"\/images\/blog\/eng\/how-to-get\/Vienna\/How_To_Get_From_To_Vienna_4.jpg\" alt=\"\" \/><\/p>\n<p><\/p>\n<p>Bez oh\u013eadu na to, \u010di sa vyd\u00e1vate na dovolenku alebo slu\u017eobn\u00fa cestu, s\u00fakromn\u00fd transfer v\u00e1m zaru\u010d\u00ed bezprobl\u00e9mov\u00fa a pr\u00edjemn\u00fa cestu z Viedne na \u00fachvatn\u00e9 pobre\u017eie Amalfi. V\u010faka komfortu, pohodliu a spo\u013eahlivosti sa cestuj\u00faci m\u00f4\u017eu s\u00fastredi\u0165 na vytv\u00e1ranie nezabudnute\u013en\u00fdch spomienok v tejto malebnej destin\u00e1cii.<\/p>\n","protected":false},"excerpt":{"rendered":"<p>Pri pl\u00e1novan\u00ed cesty z Viedne na \u00fa\u017easn\u00e9 pobre\u017eie Amalfi alebo naopak maj\u00fa cestuj\u00faci k dispoz\u00edcii r\u00f4zne mo\u017enosti dopravy, z ktor\u00fdch ka\u017ed\u00e1 m\u00e1 svoje vlastn\u00e9 v\u00fdhody a aspekty.<\/p>\n<p><\/p>\n","protected":false},"author":42,"featured_media":0,"comment_status":"open","ping_status":"open","sticky":false,"template":"","format":"standard","meta":{"footnotes":""},"categories":[3],"tags":[],"class_list":["post-113284","post","type-post","status-publish","format-standard","hentry","category-ako-sa-dostat"],"yoast_head":"<!-- This site is optimized with the Yoast SEO plugin v25.6 - https:\/\/yoast.com\/wordpress\/plugins\/seo\/ -->\n<title>Ako sa dosta\u0165 z Viedne na pobre\u017eie Amalfi - transfereurope<\/title>\n<meta name=\"description\" content=\"Objavte najlep\u0161\u00ed sp\u00f4sob, ako sa dosta\u0165 z Viedne na pobre\u017eie Amalfi a z pobre\u017eia Amalfi do Viedne pre cestuj\u00facich. Odborn\u00e9 poradenstvo o ide\u00e1lnej preprave.\" \/>\n<meta name=\"robots\" content=\"index, follow, max-snippet:-1, max-image-preview:large, max-video-preview:-1\" \/>\n<link rel=\"canonical\" href=\"https:\/\/transfereurope.com\/sk\/ako-sa-dostat\/ako-sa-dostat-z-viedne-na-pobrezie-amalfi\/\" \/>\n<meta property=\"og:locale\" content=\"sk_SK\" \/>\n<meta property=\"og:type\" content=\"article\" \/>\n<meta property=\"og:title\" content=\"Ako sa dosta\u0165 z Viedne na pobre\u017eie Amalfi - transfereurope\" \/>\n<meta property=\"og:description\" content=\"Objavte najlep\u0161\u00ed sp\u00f4sob, ako sa dosta\u0165 z Viedne na pobre\u017eie Amalfi a z pobre\u017eia Amalfi do Viedne pre cestuj\u00facich. Odborn\u00e9 poradenstvo o ide\u00e1lnej preprave.\" \/>\n<meta property=\"og:url\" content=\"https:\/\/transfereurope.com\/sk\/ako-sa-dostat\/ako-sa-dostat-z-viedne-na-pobrezie-amalfi\/\" \/>\n<meta property=\"og:site_name\" content=\"transfereurope\" \/>\n<meta property=\"article:published_time\" content=\"2025-09-03T11:40:20+00:00\" \/>\n<meta property=\"article:modified_time\" content=\"2025-09-05T07:37:11+00:00\" \/>\n<meta name=\"twitter:card\" content=\"summary_large_image\" \/>\n<meta name=\"twitter:label1\" content=\"Autor\" \/>\n\t<meta name=\"twitter:data1\" content=\"\" \/>\n\t<meta name=\"twitter:label2\" content=\"Predpokladan\u00fd \u010das \u010d\u00edtania\" \/>\n\t<meta name=\"twitter:data2\" content=\"4 min\u00faty\" \/>\n<script type=\"application\/ld+json\" class=\"yoast-schema-graph\">{\"@context\":\"https:\/\/schema.org\",\"@graph\":[{\"@type\":\"Article\",\"@id\":\"https:\/\/transfereurope.com\/sk\/ako-sa-dostat\/ako-sa-dostat-z-viedne-na-pobrezie-amalfi\/#article\",\"isPartOf\":{\"@id\":\"https:\/\/transfereurope.com\/sk\/ako-sa-dostat\/ako-sa-dostat-z-viedne-na-pobrezie-amalfi\/\"},\"author\":{\"name\":\"\",\"@id\":\"\"},\"headline\":\"Ako sa dosta\u0165 z Viedne na pobre\u017eie Amalfi\",\"datePublished\":\"2025-09-03T11:40:20+00:00\",\"dateModified\":\"2025-09-05T07:37:11+00:00\",\"mainEntityOfPage\":{\"@id\":\"https:\/\/transfereurope.com\/sk\/ako-sa-dostat\/ako-sa-dostat-z-viedne-na-pobrezie-amalfi\/\"},\"wordCount\":806,\"commentCount\":0,\"publisher\":{\"@id\":\"https:\/\/transfereurope.com\/sk\/#organization\"},\"articleSection\":[\"Ako sa dostat\"],\"inLanguage\":\"sk-SK\",\"potentialAction\":[{\"@type\":\"CommentAction\",\"name\":\"Comment\",\"target\":[\"https:\/\/transfereurope.com\/sk\/ako-sa-dostat\/ako-sa-dostat-z-viedne-na-pobrezie-amalfi\/#respond\"]}]},{\"@type\":\"WebPage\",\"@id\":\"https:\/\/transfereurope.com\/sk\/ako-sa-dostat\/ako-sa-dostat-z-viedne-na-pobrezie-amalfi\/\",\"url\":\"https:\/\/transfereurope.com\/sk\/ako-sa-dostat\/ako-sa-dostat-z-viedne-na-pobrezie-amalfi\/\",\"name\":\"Ako sa dosta\u0165 z Viedne na pobre\u017eie Amalfi - transfereurope\",\"isPartOf\":{\"@id\":\"https:\/\/transfereurope.com\/sk\/#website\"},\"datePublished\":\"2025-09-03T11:40:20+00:00\",\"dateModified\":\"2025-09-05T07:37:11+00:00\",\"description\":\"Objavte najlep\u0161\u00ed sp\u00f4sob, ako sa dosta\u0165 z Viedne na pobre\u017eie Amalfi a z pobre\u017eia Amalfi do Viedne pre cestuj\u00facich. Odborn\u00e9 poradenstvo o ide\u00e1lnej preprave.\",\"breadcrumb\":{\"@id\":\"https:\/\/transfereurope.com\/sk\/ako-sa-dostat\/ako-sa-dostat-z-viedne-na-pobrezie-amalfi\/#breadcrumb\"},\"inLanguage\":\"sk-SK\",\"potentialAction\":[{\"@type\":\"ReadAction\",\"target\":[\"https:\/\/transfereurope.com\/sk\/ako-sa-dostat\/ako-sa-dostat-z-viedne-na-pobrezie-amalfi\/\"]}]},{\"@type\":\"BreadcrumbList\",\"@id\":\"https:\/\/transfereurope.com\/sk\/ako-sa-dostat\/ako-sa-dostat-z-viedne-na-pobrezie-amalfi\/#breadcrumb\",\"itemListElement\":[{\"@type\":\"ListItem\",\"position\":1,\"name\":\"Home\",\"item\":\"https:\/\/transfereurope.com\/sk\/\"},{\"@type\":\"ListItem\",\"position\":2,\"name\":\"Ako sa dosta\u0165 z Viedne na pobre\u017eie Amalfi\"}]},{\"@type\":\"WebSite\",\"@id\":\"https:\/\/transfereurope.com\/sk\/#website\",\"url\":\"https:\/\/transfereurope.com\/sk\/\",\"name\":\"transfereurope\",\"description\":\"\",\"publisher\":{\"@id\":\"https:\/\/transfereurope.com\/sk\/#organization\"},\"potentialAction\":[{\"@type\":\"SearchAction\",\"target\":{\"@type\":\"EntryPoint\",\"urlTemplate\":\"https:\/\/transfereurope.com\/sk\/?s={search_term_string}\"},\"query-input\":{\"@type\":\"PropertyValueSpecification\",\"valueRequired\":true,\"valueName\":\"search_term_string\"}}],\"inLanguage\":\"sk-SK\"},{\"@type\":\"Organization\",\"@id\":\"https:\/\/transfereurope.com\/sk\/#organization\",\"name\":\"transfereurope\",\"url\":\"https:\/\/transfereurope.com\/sk\/\",\"logo\":{\"@type\":\"ImageObject\",\"inLanguage\":\"sk-SK\",\"@id\":\"https:\/\/transfereurope.com\/sk\/#\/schema\/logo\/image\/\",\"url\":\"https:\/\/transfereurope.com\/wp-content\/uploads\/2025\/08\/TRANSFERS-1655.png\",\"contentUrl\":\"https:\/\/transfereurope.com\/wp-content\/uploads\/2025\/08\/TRANSFERS-1655.png\",\"width\":500,\"height\":274,\"caption\":\"transfereurope\"},\"image\":{\"@id\":\"https:\/\/transfereurope.com\/sk\/#\/schema\/logo\/image\/\"}},{\"@type\":\"Person\",\"@id\":\"\",\"url\":\"https:\/\/transfereurope.com\/sk\/author\/\"}]}<\/script>\n<!-- \/ Yoast SEO plugin. -->","yoast_head_json":{"title":"Ako sa dosta\u0165 z Viedne na pobre\u017eie Amalfi - transfereurope","description":"Objavte najlep\u0161\u00ed sp\u00f4sob, ako sa dosta\u0165 z Viedne na pobre\u017eie Amalfi a z pobre\u017eia Amalfi do Viedne pre cestuj\u00facich. Odborn\u00e9 poradenstvo o ide\u00e1lnej preprave.","robots":{"index":"index","follow":"follow","max-snippet":"max-snippet:-1","max-image-preview":"max-image-preview:large","max-video-preview":"max-video-preview:-1"},"canonical":"https:\/\/transfereurope.com\/sk\/ako-sa-dostat\/ako-sa-dostat-z-viedne-na-pobrezie-amalfi\/","og_locale":"sk_SK","og_type":"article","og_title":"Ako sa dosta\u0165 z Viedne na pobre\u017eie Amalfi - transfereurope","og_description":"Objavte najlep\u0161\u00ed sp\u00f4sob, ako sa dosta\u0165 z Viedne na pobre\u017eie Amalfi a z pobre\u017eia Amalfi do Viedne pre cestuj\u00facich. Odborn\u00e9 poradenstvo o ide\u00e1lnej preprave.","og_url":"https:\/\/transfereurope.com\/sk\/ako-sa-dostat\/ako-sa-dostat-z-viedne-na-pobrezie-amalfi\/","og_site_name":"transfereurope","article_published_time":"2025-09-03T11:40:20+00:00","article_modified_time":"2025-09-05T07:37:11+00:00","twitter_card":"summary_large_image","twitter_misc":{"Autor":"","Predpokladan\u00fd \u010das \u010d\u00edtania":"4 min\u00faty"},"schema":{"@context":"https:\/\/schema.org","@graph":[{"@type":"Article","@id":"https:\/\/transfereurope.com\/sk\/ako-sa-dostat\/ako-sa-dostat-z-viedne-na-pobrezie-amalfi\/#article","isPartOf":{"@id":"https:\/\/transfereurope.com\/sk\/ako-sa-dostat\/ako-sa-dostat-z-viedne-na-pobrezie-amalfi\/"},"author":{"name":"","@id":""},"headline":"Ako sa dosta\u0165 z Viedne na pobre\u017eie Amalfi","datePublished":"2025-09-03T11:40:20+00:00","dateModified":"2025-09-05T07:37:11+00:00","mainEntityOfPage":{"@id":"https:\/\/transfereurope.com\/sk\/ako-sa-dostat\/ako-sa-dostat-z-viedne-na-pobrezie-amalfi\/"},"wordCount":806,"commentCount":0,"publisher":{"@id":"https:\/\/transfereurope.com\/sk\/#organization"},"articleSection":["Ako sa dostat"],"inLanguage":"sk-SK","potentialAction":[{"@type":"CommentAction","name":"Comment","target":["https:\/\/transfereurope.com\/sk\/ako-sa-dostat\/ako-sa-dostat-z-viedne-na-pobrezie-amalfi\/#respond"]}]},{"@type":"WebPage","@id":"https:\/\/transfereurope.com\/sk\/ako-sa-dostat\/ako-sa-dostat-z-viedne-na-pobrezie-amalfi\/","url":"https:\/\/transfereurope.com\/sk\/ako-sa-dostat\/ako-sa-dostat-z-viedne-na-pobrezie-amalfi\/","name":"Ako sa dosta\u0165 z Viedne na pobre\u017eie Amalfi - transfereurope","isPartOf":{"@id":"https:\/\/transfereurope.com\/sk\/#website"},"datePublished":"2025-09-03T11:40:20+00:00","dateModified":"2025-09-05T07:37:11+00:00","description":"Objavte najlep\u0161\u00ed sp\u00f4sob, ako sa dosta\u0165 z Viedne na pobre\u017eie Amalfi a z pobre\u017eia Amalfi do Viedne pre cestuj\u00facich. Odborn\u00e9 poradenstvo o ide\u00e1lnej preprave.","breadcrumb":{"@id":"https:\/\/transfereurope.com\/sk\/ako-sa-dostat\/ako-sa-dostat-z-viedne-na-pobrezie-amalfi\/#breadcrumb"},"inLanguage":"sk-SK","potentialAction":[{"@type":"ReadAction","target":["https:\/\/transfereurope.com\/sk\/ako-sa-dostat\/ako-sa-dostat-z-viedne-na-pobrezie-amalfi\/"]}]},{"@type":"BreadcrumbList","@id":"https:\/\/transfereurope.com\/sk\/ako-sa-dostat\/ako-sa-dostat-z-viedne-na-pobrezie-amalfi\/#breadcrumb","itemListElement":[{"@type":"ListItem","position":1,"name":"Home","item":"https:\/\/transfereurope.com\/sk\/"},{"@type":"ListItem","position":2,"name":"Ako sa dosta\u0165 z Viedne na pobre\u017eie Amalfi"}]},{"@type":"WebSite","@id":"https:\/\/transfereurope.com\/sk\/#website","url":"https:\/\/transfereurope.com\/sk\/","name":"transfereurope","description":"","publisher":{"@id":"https:\/\/transfereurope.com\/sk\/#organization"},"potentialAction":[{"@type":"SearchAction","target":{"@type":"EntryPoint","urlTemplate":"https:\/\/transfereurope.com\/sk\/?s={search_term_string}"},"query-input":{"@type":"PropertyValueSpecification","valueRequired":true,"valueName":"search_term_string"}}],"inLanguage":"sk-SK"},{"@type":"Organization","@id":"https:\/\/transfereurope.com\/sk\/#organization","name":"transfereurope","url":"https:\/\/transfereurope.com\/sk\/","logo":{"@type":"ImageObject","inLanguage":"sk-SK","@id":"https:\/\/transfereurope.com\/sk\/#\/schema\/logo\/image\/","url":"https:\/\/transfereurope.com\/wp-content\/uploads\/2025\/08\/TRANSFERS-1655.png","contentUrl":"https:\/\/transfereurope.com\/wp-content\/uploads\/2025\/08\/TRANSFERS-1655.png","width":500,"height":274,"caption":"transfereurope"},"image":{"@id":"https:\/\/transfereurope.com\/sk\/#\/schema\/logo\/image\/"}},{"@type":"Person","@id":"","url":"https:\/\/transfereurope.com\/sk\/author\/"}]}},"_links":{"self":[{"href":"https:\/\/transfereurope.com\/sk\/wp-json\/wp\/v2\/posts\/113284","targetHints":{"allow":["GET"]}}],"collection":[{"href":"https:\/\/transfereurope.com\/sk\/wp-json\/wp\/v2\/posts"}],"about":[{"href":"https:\/\/transfereurope.com\/sk\/wp-json\/wp\/v2\/types\/post"}],"author":[{"embeddable":true,"href":"https:\/\/transfereurope.com\/sk\/wp-json\/wp\/v2\/users\/42"}],"replies":[{"embeddable":true,"href":"https:\/\/transfereurope.com\/sk\/wp-json\/wp\/v2\/comments?post=113284"}],"version-history":[{"count":1,"href":"https:\/\/transfereurope.com\/sk\/wp-json\/wp\/v2\/posts\/113284\/revisions"}],"predecessor-version":[{"id":114230,"href":"https:\/\/transfereurope.com\/sk\/wp-json\/wp\/v2\/posts\/113284\/revisions\/114230"}],"wp:attachment":[{"href":"https:\/\/transfereurope.com\/sk\/wp-json\/wp\/v2\/media?parent=113284"}],"wp:term":[{"taxonomy":"category","embeddable":true,"href":"https:\/\/transfereurope.com\/sk\/wp-json\/wp\/v2\/categories?post=113284"},{"taxonomy":"post_tag","embeddable":true,"href":"https:\/\/transfereurope.com\/sk\/wp-json\/wp\/v2\/tags?post=113284"}],"curies":[{"name":"wp","href":"https:\/\/api.w.org\/{rel}","templated":true}]}}